{"id":8039,"date":"2025-09-10T20:55:28","date_gmt":"2025-09-10T18:55:28","guid":{"rendered":"https:\/\/www.ricetteinallegria.com\/home\/?p=8039"},"modified":"2026-06-24T15:53:53","modified_gmt":"2026-06-24T13:53:53","slug":"torta-salata-estiva","status":"publish","type":"post","link":"https:\/\/www.ricetteinallegria.com\/home\/torta-salata-estiva\/","title":{"rendered":"Torta salata estiva"},"content":{"rendered":"\n<p class=\"wp-block-paragraph\"><strong><a href=\"https:\/\/www.ricetteinallegria.com\/home\/torta-salata-patate-e-pancetta-party\/\" target=\"_blank\" rel=\"noopener\" title=\"Torta salata\">Torta salata<\/a> estiva<\/strong>: il nome suona come una hit estiva in classifica, ma tranquillo, questa \u00e8 molto pi\u00f9 gustosa e non ha bisogno di un videoclip. <em>Prendi il rotolo di pasta sfoglia, alza il volume del frullatore e preparati a fare il figurone<\/em> (anche se la tua unica abilit\u00e0 culinaria \u00e8 &#8220;accendere il forno&#8221;). In questa ricetta ti accompagno per ottenere la <em>Torta salata estiva<\/em> perfetta: fragrante, colorata e colpevolmente semplice.<\/p>\n\n\n\n<figure class=\"wp-block-image size-full\"><img loading=\"lazy\" decoding=\"async\" width=\"1024\" height=\"1024\" src=\"https:\/\/www.ricetteinallegria.com\/wp-content\/uploads\/2025\/09\/a95f882a-dee8-4759-b842-940c153e68fe.jpeg\" alt=\"\" class=\"wp-image-8040\" srcset=\"https:\/\/www.ricetteinallegria.com\/wp-content\/uploads\/2025\/09\/a95f882a-dee8-4759-b842-940c153e68fe.jpeg 1024w, https:\/\/www.ricetteinallegria.com\/wp-content\/uploads\/2025\/09\/a95f882a-dee8-4759-b842-940c153e68fe-300x300.jpeg 300w, https:\/\/www.ricetteinallegria.com\/wp-content\/uploads\/2025\/09\/a95f882a-dee8-4759-b842-940c153e68fe-150x150.jpeg 150w, https:\/\/www.ricetteinallegria.com\/wp-content\/uploads\/2025\/09\/a95f882a-dee8-4759-b842-940c153e68fe-768x768.jpeg 768w, https:\/\/www.ricetteinallegria.com\/wp-content\/uploads\/2025\/09\/a95f882a-dee8-4759-b842-940c153e68fe-500x500.jpeg 500w, https:\/\/www.ricetteinallegria.com\/wp-content\/uploads\/2025\/09\/a95f882a-dee8-4759-b842-940c153e68fe-600x600.jpeg 600w\" sizes=\"auto, (max-width: 1024px) 100vw, 1024px\" \/><figcaption class=\"wp-element-caption\">Torta salata estiva<\/figcaption><\/figure>\n\n\n\n<hr class=\"wp-block-separator has-alpha-channel-opacity\"\/>\n\n\n\n<p class=\"wp-block-paragraph\">Immagina la scena: il sole tramonta, la piscina ti sta guardando con fare invitante, ma tu devi ancora risolvere la cena. Entra in scena la <strong>Torta salata estiva<\/strong>, vestita di <em>pasta sfoglia<\/em> e con un mantello fatto di <strong>pesto<\/strong>. \u00c8 la regina dei buffet, la diva dei pranzi all\u2019aperto, la superstar che non si arrabbia se la guardi troppo a lungo. In poche mosse  e con <em>zero<\/em> drammi  trasformi ingredienti modesti in un piatto che fa dire alle persone: \u201cWow, ma l\u2019hai fatto tu?\u201d. <em>S\u00ec, l\u2019ho fatto io<\/em>, risponderai con un sorriso da chef e una forchetta in mano.<\/p>\n\n\n\n<hr class=\"wp-block-separator has-alpha-channel-opacity\"\/>\n\n\n\n<figure class=\"wp-block-table\"><table class=\"has-fixed-layout\"><thead><tr><th>\ud83d\udd27 Voce<\/th><th>\ud83d\udccc Dettaglio<\/th><\/tr><\/thead><tbody><tr><td>\u23f1\ufe0f <strong>Preparazione<\/strong><\/td><td><strong>15 min<\/strong><\/td><\/tr><tr><td>\ud83d\udd25 <strong>Cottura<\/strong><\/td><td><strong>10 min<\/strong><\/td><\/tr><tr><td>\ud83c\udfaf <strong>Dosi<\/strong><\/td><td><strong>4 persone<\/strong><\/td><\/tr><tr><td>\ud83e\udded <strong>Difficolt\u00e0<\/strong><\/td><td><strong>Molto facile<\/strong><\/td><\/tr><tr><td>\ud83d\udcb0 <strong>Costo<\/strong><\/td><td><strong>Basso<\/strong><\/td><\/tr><tr><td>\ud83c\udf3f <strong>Regime<\/strong><\/td><td><strong>Vegetariano<\/strong><\/td><\/tr><\/tbody><\/table><\/figure>\n\n\n\n<figure class=\"wp-block-table\"><table class=\"has-fixed-layout\"><thead><tr><th>\ud83c\udf7d\ufe0f Ingrediente<\/th><th>\u2696\ufe0f Quantit\u00e0<\/th><\/tr><\/thead><tbody><tr><td>\ud83e\udd50 <strong>Pasta sfoglia<\/strong><\/td><td><strong>230 g<\/strong><\/td><\/tr><tr><td>\ud83e\uddc0 <strong>Stracciatella<\/strong><\/td><td><strong>200 g<\/strong><\/td><\/tr><tr><td>\ud83c\udf45 <strong>Pomodori insalatari<\/strong><\/td><td><strong>100 g<\/strong><\/td><\/tr><tr><td>\ud83e\udd5b <strong>Latte intero<\/strong> (per spennellare)<\/td><td><strong>10 g<\/strong><\/td><\/tr><tr><td>\ud83e\uded2 <strong>Olio extravergine d&#8217;oliva<\/strong><\/td><td><strong>20 g<\/strong> (+100 g per il pesto)<\/td><\/tr><tr><td>\ud83c\udf3f <strong>Basilico<\/strong><\/td><td><strong>60 g<\/strong> (per il pesto)<\/td><\/tr><tr><td>\ud83e\uddc0 <strong>Parmigiano Reggiano DOP<\/strong><\/td><td><strong>60 g<\/strong><\/td><\/tr><tr><td>\ud83e\uddc2 <strong>Pecorino<\/strong><\/td><td><strong>20 g<\/strong><\/td><\/tr><tr><td>\ud83c\udf30 <strong>Pinoli<\/strong><\/td><td><strong>30 g<\/strong><\/td><\/tr><tr><td>\ud83e\uddc4 <strong>Aglio<\/strong><\/td><td><strong>2 spicchi<\/strong><\/td><\/tr><tr><td>\ud83e\uddc2 <strong>Sale grosso<\/strong><\/td><td><strong>1 pizzico<\/strong><\/td><\/tr><\/tbody><\/table><\/figure>\n\n\n\n<figure class=\"wp-block-table\"><table class=\"has-fixed-layout\"><thead><tr><th>\ud83d\udd22 Nutriente<\/th><th>\ud83d\udcca Valore<\/th><\/tr><\/thead><tbody><tr><td>\ud83d\udd25 <strong>Energia<\/strong><\/td><td><strong>870,4 Kcal<\/strong><\/td><\/tr><tr><td>\ud83c\udf5e <strong>Carboidrati<\/strong><\/td><td><strong>30,4 g<\/strong><\/td><\/tr><tr><td>\ud83c\udf6c <em>di cui zuccheri<\/em><\/td><td><em>1,6 g<\/em><\/td><\/tr><tr><td>\ud83c\udf57 <strong>Proteine<\/strong><\/td><td><strong>24,1 g<\/strong><\/td><\/tr><tr><td>\ud83e\uddc8 <strong>Grassi<\/strong><\/td><td><strong>73,4 g<\/strong><\/td><\/tr><tr><td>\ud83e\uddc8 <em>di cui saturi<\/em><\/td><td><em>20,1 g<\/em><\/td><\/tr><tr><td>\ud83c\udf3e <strong>Fibre<\/strong><\/td><td><strong>1,7 g<\/strong><\/td><\/tr><tr><td>\ud83e\ude7a <strong>Colesterolo<\/strong><\/td><td><strong>55,2 mg<\/strong><\/td><\/tr><tr><td>\ud83e\uddc2 <strong>Sodio<\/strong><\/td><td><strong>638,4 mg<\/strong><\/td><\/tr><\/tbody><\/table><\/figure>\n\n\n\n<hr class=\"wp-block-separator has-alpha-channel-opacity\"\/>\n\n\n\n<p class=\"wp-block-paragraph\">Bene. Ora arriva la parte divertente: <em>mettere insieme gli elementi come se stessi dirigendo un film muto, ma con pi\u00f9 basilico e meno baffi finti<\/em>. Segui questa guida passo-passo, leggi le battute e agisci come se fossi su un palcoscenico culinario (ma senza cadere).<\/p>\n\n\n\n<div id=\"ez-toc-container\" class=\"ez-toc-v2_0_86 counter-hierarchy ez-toc-counter ez-toc-grey ez-toc-container-direction\">\n<div class=\"ez-toc-title-container\">\n<p class=\"ez-toc-title\" style=\"cursor:inherit\">Indice<\/p>\n<span class=\"ez-toc-title-toggle\"><a href=\"#\" class=\"ez-toc-pull-right ez-toc-btn ez-toc-btn-xs ez-toc-btn-default ez-toc-toggle\" aria-label=\"Toggle Table of Content\"><span class=\"ez-toc-js-icon-con\"><span class=\"\"><span class=\"eztoc-hide\" style=\"display:none;\">Toggle<\/span><span class=\"ez-toc-icon-toggle-span\"><svg style=\"fill: #999;color:#999\" xmlns=\"http:\/\/www.w3.org\/2000\/svg\" class=\"list-377408\" width=\"20px\" height=\"20px\" viewBox=\"0 0 24 24\" fill=\"none\"><path d=\"M6 6H4v2h2V6zm14 0H8v2h12V6zM4 11h2v2H4v-2zm16 0H8v2h12v-2zM4 16h2v2H4v-2zm16 0H8v2h12v-2z\" fill=\"currentColor\"><\/path><\/svg><svg style=\"fill: #999;color:#999\" class=\"arrow-unsorted-368013\" xmlns=\"http:\/\/www.w3.org\/2000\/svg\" width=\"10px\" height=\"10px\" viewBox=\"0 0 24 24\" version=\"1.2\" baseProfile=\"tiny\"><path d=\"M18.2 9.3l-6.2-6.3-6.2 6.3c-.2.2-.3.4-.3.7s.1.5.3.7c.2.2.4.3.7.3h11c.3 0 .5-.1.7-.3.2-.2.3-.5.3-.7s-.1-.5-.3-.7zM5.8 14.7l6.2 6.3 6.2-6.3c.2-.2.3-.5.3-.7s-.1-.5-.3-.7c-.2-.2-.4-.3-.7-.3h-11c-.3 0-.5.1-.7.3-.2.2-.3.5-.3.7s.1.5.3.7z\"\/><\/svg><\/span><\/span><\/span><\/a><\/span><\/div>\n<nav><ul class='ez-toc-list ez-toc-list-level-1 ' ><li class='ez-toc-page-1 ez-toc-heading-level-3'><a class=\"ez-toc-link ez-toc-heading-1\" href=\"https:\/\/www.ricetteinallegria.com\/home\/torta-salata-estiva\/#1_Prepararsi_al_delitto_mettere_ordine_in_cucina\" >1) Prepararsi al delitto   mettere ordine in cucina<\/a><\/li><li class='ez-toc-page-1 ez-toc-heading-level-3'><a class=\"ez-toc-link ez-toc-heading-2\" href=\"https:\/\/www.ricetteinallegria.com\/home\/torta-salata-estiva\/#2_La_base_come_far_diventare_la_sfoglia_una_star\" >2) La base  come far diventare la sfoglia una star<\/a><\/li><li class='ez-toc-page-1 ez-toc-heading-level-3'><a class=\"ez-toc-link ez-toc-heading-3\" href=\"https:\/\/www.ricetteinallegria.com\/home\/torta-salata-estiva\/#3_Il_pesto_leroe_verde_della_storia\" >3) Il pesto  l\u2019eroe verde della storia<\/a><\/li><li class='ez-toc-page-1 ez-toc-heading-level-3'><a class=\"ez-toc-link ez-toc-heading-4\" href=\"https:\/\/www.ricetteinallegria.com\/home\/torta-salata-estiva\/#4_Assemblaggio_il_momento_%E2%80%9Cwow%E2%80%9D\" >4) Assemblaggio  il momento &#8220;wow&#8221;<\/a><\/li><li class='ez-toc-page-1 ez-toc-heading-level-3'><a class=\"ez-toc-link ez-toc-heading-5\" href=\"https:\/\/www.ricetteinallegria.com\/home\/torta-salata-estiva\/#5_Presentazione_come_fare_colpo_con_zero_stress\" >5) Presentazione  come fare colpo con zero stress<\/a><\/li><\/ul><\/nav><\/div>\n<h3 class=\"wp-block-heading\"><span class=\"ez-toc-section\" id=\"1_Prepararsi_al_delitto_mettere_ordine_in_cucina\"><\/span>1) Prepararsi al delitto   mettere ordine in cucina<span class=\"ez-toc-section-end\"><\/span><\/h3>\n\n\n\n<p class=\"wp-block-paragraph\">Prima di tutto, <em>respira<\/em>. Non \u00e8 un esame di matematica, \u00e8 solo una torta salata. Lava le mani come se stessi per toccare un diamante (o una ciotola di pesto). Tira fuori dalla dispensa la <strong>pasta sfoglia<\/strong>, la <strong>stracciatella<\/strong>, i <strong>pomodori<\/strong>, il <strong>latte<\/strong>, l&#8217;<strong>olio<\/strong> e tutti gli strumenti: frullatore, coltello affilato (ma non troppo), leccarda, forchetta. Metti il basilico in bella vista cos\u00ec, se qualcuno entra, capisce subito che sei tipo <em>uno tosto<\/em> della cucina.<\/p>\n\n\n\n<h3 class=\"wp-block-heading\"><span class=\"ez-toc-section\" id=\"2_La_base_come_far_diventare_la_sfoglia_una_star\"><\/span>2) La base  come far diventare la sfoglia una star<span class=\"ez-toc-section-end\"><\/span><\/h3>\n\n\n\n<p class=\"wp-block-paragraph\">Srotola la <strong>pasta sfoglia<\/strong> direttamente sulla leccarda. Ripiega i bordi verso l\u2019interno per circa 1 cm  <em>non troppo<\/em>, altrimenti fai la cuffia da marinaio. Bucherella la base con la forchetta, non con la lancia! Spennella con il <strong>latte<\/strong> (questo far\u00e0 una crosticina deliziosa). Inforna a <strong>200\u00b0C<\/strong> (forno ventilato) per circa <strong>10 minuti<\/strong>, giusto il tempo per prendere un caff\u00e8 e per parlare con un vicino immaginario.<\/p>\n\n\n\n<p class=\"wp-block-paragraph\">Quando la sfoglia \u00e8 dorata sui bordi, sforna e lascia raffreddare. Questo passaggio \u00e8 fondamentale: se spalmi il pesto sulla pasta ancora bollente, la sfoglia far\u00e0 &#8220;plouf&#8221; come un souffl\u00e9 triste. Quindi <em>lascia raffreddare<\/em> e vai avanti con calma.<\/p>\n\n\n\n<h3 class=\"wp-block-heading\"><span class=\"ez-toc-section\" id=\"3_Il_pesto_leroe_verde_della_storia\"><\/span>3) Il pesto  l\u2019eroe verde della storia<span class=\"ez-toc-section-end\"><\/span><\/h3>\n\n\n\n<p class=\"wp-block-paragraph\">Metti nel frullatore le foglie di <strong>basilico<\/strong> lavate e asciugate, i <strong>pinoli<\/strong>, l\u2019<strong>aglio<\/strong> (senza anima; s\u00ec, l\u2019ha lasciata a casa), il <a href=\"https:\/\/www.parmigianoreggiano.com\/it\" target=\"_blank\" rel=\"noopener\" title=\"parmigiano \"><strong>parmigiano<\/strong> <\/a>e il <strong>pecorino<\/strong> grattugiati, un pizzico di <strong>sale grosso<\/strong>. Versa l\u2019<strong>olio<\/strong> a filo mentre frulli a brevi impulsi: <em>se frulli troppo a lungo, il basilico si arrabbia e diventa marrone<\/em>. Il segreto \u00e8 frullare a scatti: breve, fermarsi, annusare, fare una battuta, riprendere.<\/p>\n\n\n\n<p class=\"wp-block-paragraph\">Aspira profondamente e assaggia con un cucchiaino (colpevolmente). Se ti sembra un po\u2019 troppo &#8220;verde&#8221;, aggiungi formaggio; se sembra un po\u2019 troppo &#8220;formaggio&#8221;, aggiungi basilico. La chimica perfetta tra basilico e formaggio \u00e8 simile a una storia d\u2019amore: a volte scoppia, altre volte \u00e8 dolce. Qui vogliamo <em>dolcezza sapida<\/em>.<\/p>\n\n\n\n<h3 class=\"wp-block-heading\"><span class=\"ez-toc-section\" id=\"4_Assemblaggio_il_momento_%E2%80%9Cwow%E2%80%9D\"><\/span>4) Assemblaggio  il momento &#8220;wow&#8221;<span class=\"ez-toc-section-end\"><\/span><\/h3>\n\n\n\n<p class=\"wp-block-paragraph\">Spalma il <strong>pesto<\/strong> sulla base raffreddata con un cucchiaio o una spatola. Taglia i <strong>pomodori<\/strong> a fettine sottilissime come se stessi tagliando i segreti del mondo: delicati, regolari, senza fretta. Disponi le fettine sulla sfoglia sovrapponendole leggermente come fossero file di pubblico in attesa di uno spettacolo.<\/p>\n\n\n\n<p class=\"wp-block-paragraph\">Distribuisci la <strong>stracciatella<\/strong> a grosse cucchiaiate sopra i pomodori. Non essere timido: la stracciatella vuole amore, non parsimonia. Guarnisci con foglie di <strong>basilico<\/strong> intere, un pizzico di <strong>sale<\/strong> e un filo d\u2019<strong>olio extravergine<\/strong>. Adesso puoi proclamare: <em>La Torta salata estiva \u00e8 pronta!<\/em> (E ora aspetta gli applausi).<\/p>\n\n\n\n<h3 class=\"wp-block-heading\"><span class=\"ez-toc-section\" id=\"5_Presentazione_come_fare_colpo_con_zero_stress\"><\/span>5) Presentazione  come fare colpo con zero stress<span class=\"ez-toc-section-end\"><\/span><\/h3>\n\n\n\n<p class=\"wp-block-paragraph\">Taglia a spicchi e servi subito. Se appare qualcuno che chiede &#8220;quanto tempo tiene?&#8221; rispondi con sicurezza: <em>&#8220;Ha la dignit\u00e0 di essere mangiata subito&#8221;<\/em>. Scherzi a parte, \u00e8 vero: la torta \u00e8 migliore appena assemblata, perch\u00e9 la sfoglia rimane croccante e la stracciatella fresca. Se vuoi fare il figo del quartiere, sistemala su un tagliere rustico, aggiungi qualche foglia di basilico e fingi di averne preparata una teglia intera (anche se in realt\u00e0 hai rubato met\u00e0 per te).<\/p>\n\n\n\n<hr class=\"wp-block-separator has-alpha-channel-opacity\"\/>\n\n\n\n<ul class=\"wp-block-list\">\n<li><strong>Non<\/strong> scaldare troppo il pesto: frulla a brevi impulsi. <em>Il basilico odia il calore pi\u00f9 del vicino che porta il barbecue a Ferragosto.<\/em><\/li>\n\n\n\n<li>Se i pomodori sono troppo acquosi, tamponali leggermente con carta da cucina prima di affettarli. <em>Nessuno vuole una torta salata che sembri una piscina.<\/em><\/li>\n\n\n\n<li>Per una versione <em>senza glutine<\/em>, usa una base pronta senza glutine; verifica sempre le etichette.<\/li>\n\n\n\n<li>Per versione <em>vegana<\/em>, sostituisci la stracciatella con una crema a base di anacardi o tofu morbido e usa parmigiano veg. <em>Non \u00e8 la stessa cosa, ma ti salva la serata.<\/em><\/li>\n<\/ul>\n\n\n\n<hr class=\"wp-block-separator has-alpha-channel-opacity\"\/>\n\n\n\n<p class=\"wp-block-paragraph\"> Prima degli inchini finali, una rassegna di <strong>varianti<\/strong> che ho gi\u00e0 citato e che puoi provare se vuoi sperimentare o se sei stato rifiutato da una festa e vuoi consolarti con qualcosa di delizioso:<\/p>\n\n\n\n<ul class=\"wp-block-list\">\n<li><strong>Pesto di rucola<\/strong>: sapore pi\u00f9 pungente, per hipster e palati coraggiosi.<\/li>\n\n\n\n<li><strong>Pesto di zucchine<\/strong>: leggero e vellutato, consigliato per chi ama la zucchina in tutte le sue declinazioni.<\/li>\n\n\n\n<li><strong>Pomodori secchi sott\u2019olio<\/strong>: per una versione meno acquosa e pi\u00f9 intensa.<\/li>\n\n\n\n<li><strong>Base senza glutine<\/strong>: per gli amici celiaci che comunque vogliono applaudire.<\/li>\n\n\n\n<li><strong>Stracciatella sostituita<\/strong> con crema di anacardi (versione vegana).<\/li>\n\n\n\n<li><strong>Aggiunta di origano o rehydrated capperi<\/strong> per sapori mediterranei pi\u00f9 forti.<\/li>\n<\/ul>\n\n\n\n<hr class=\"wp-block-separator has-alpha-channel-opacity\"\/>\n\n\n\n<p class=\"wp-block-paragraph\">Ricorda: la <strong>Torta salata estiva<\/strong> non \u00e8 solo una ricetta, \u00e8 un <em>atteggiamento<\/em>. \u00c8 il modo elegante di dire: &#8220;S\u00ec, ho pensato a tutto&#8221;, anche se in realt\u00e0 hai pensato solo a schiacciare il tasto <em>on<\/em> del frullatore. Preparala in una giornata calda, portala a una festa, e goditi la scena quando qualcuno chiede la ricetta. Poi sorridi, fai quella posa da chef e pronuncia la frase magica: <em>&#8220;\u00c8 segreto&#8221;<\/em> (o, pi\u00f9 onestamente, &#8220;\u00c8 una combinazione di pesto, pomodori e tanto spirito estivo&#8221;).<\/p>\n\n\n\n<p class=\"wp-block-paragraph\">Buon appetito e buon divertimento: la <strong>Torta salata estiva<\/strong> ti aspetta!<\/p>\n","protected":false},"excerpt":{"rendered":"<p>Torta salata estiva: il nome suona come una hit estiva in classifica, ma tranquillo, questa \u00e8 molto pi\u00f9<\/p>\n","protected":false},"author":3,"featured_media":8040,"comment_status":"open","ping_status":"open","sticky":false,"template":"","format":"standard","meta":{"om_disable_all_campaigns":false,"wprm-recipe-roundup-name":"","wprm-recipe-roundup-description":"","_monsterinsights_skip_tracking":false,"_uf_show_specific_survey":0,"_uf_disable_surveys":false,"two_page_speed":[],"footnotes":""},"categories":[15,16,17,23,28,29,106],"tags":[],"class_list":["post-8039","post","type-post","status-publish","format-standard","has-post-thumbnail","hentry","category-ricette-sfiziose","category-ricette-vegetariane","category-ricette-al-forno","category-ricette-veloci","category-torte","category-torte-semplici","category-piatti-unici"],"aioseo_notices":[],"aioseo_head":"\n\t\t<!-- All in One SEO Pro 5.0.1 - aioseo.com -->\n\t<meta name=\"description\" content=\"Torta salata estiva: ricetta veloce e colorata con pesto al basilico, pomodori e stracciatella. Facile, fresca e perfetta per buffet e pranzi estivi. Provala!!!\" \/>\n\t<meta name=\"robots\" content=\"max-image-preview:large\" \/>\n\t<meta name=\"author\" content=\"Daniela\"\/>\n\t<link rel=\"canonical\" href=\"https:\/\/www.ricetteinallegria.com\/home\/torta-salata-estiva\/\" \/>\n\t<meta name=\"generator\" content=\"All in One SEO Pro (AIOSEO) 5.0.1\" \/>\n\t\t<meta property=\"og:locale\" content=\"it_IT\" \/>\n\t\t<meta property=\"og:site_name\" content=\"Ricetteinallegria - RicetteInAllegria \u00e8 il sito web ideale per chi ama cucinare con il sorriso!\" \/>\n\t\t<meta property=\"og:type\" content=\"article\" \/>\n\t\t<meta property=\"og:title\" content=\"Torta salata estiva\" \/>\n\t\t<meta property=\"og:description\" content=\"Torta salata estiva: ricetta veloce e colorata con pesto al basilico, pomodori e stracciatella. Facile, fresca e perfetta per buffet e pranzi estivi. Provala!!!\" \/>\n\t\t<meta property=\"og:url\" content=\"https:\/\/www.ricetteinallegria.com\/home\/torta-salata-estiva\/\" \/>\n\t\t<meta property=\"article:published_time\" content=\"2025-09-10T18:55:28+00:00\" \/>\n\t\t<meta property=\"article:modified_time\" content=\"2026-06-24T13:53:53+00:00\" \/>\n\t\t<meta property=\"article:publisher\" content=\"https:\/\/www.facebook.com\/profile.php?id=61566876281136\" \/>\n\t\t<meta name=\"twitter:card\" content=\"summary_large_image\" \/>\n\t\t<meta name=\"twitter:site\" content=\"@ricetteinallegr\" \/>\n\t\t<meta name=\"twitter:title\" content=\"Torta salata estiva\" \/>\n\t\t<meta name=\"twitter:description\" content=\"Torta salata estiva: ricetta veloce e colorata con pesto al basilico, pomodori e stracciatella. Facile, fresca e perfetta per buffet e pranzi estivi. Provala!!!\" \/>\n\t\t<meta name=\"twitter:creator\" content=\"@ricetteinallegr\" \/>\n\t\t<script type=\"application\/ld+json\" class=\"aioseo-schema\">\n\t\t\t{\"@context\":\"https:\\\/\\\/schema.org\",\"@graph\":[{\"@type\":\"BlogPosting\",\"@id\":\"https:\\\/\\\/www.ricetteinallegria.com\\\/home\\\/torta-salata-estiva\\\/#blogposting\",\"name\":\"Torta salata estiva\",\"headline\":\"Torta salata estiva\",\"author\":{\"@id\":\"https:\\\/\\\/www.ricetteinallegria.com\\\/home\\\/author\\\/daniela\\\/#author\"},\"publisher\":{\"@id\":\"https:\\\/\\\/www.ricetteinallegria.com\\\/home\\\/#organization\"},\"image\":{\"@type\":\"ImageObject\",\"url\":\"https:\\\/\\\/www.ricetteinallegria.com\\\/wp-content\\\/uploads\\\/2025\\\/09\\\/a95f882a-dee8-4759-b842-940c153e68fe.jpeg\",\"width\":1024,\"height\":1024,\"caption\":\"Torta salata estiva\"},\"datePublished\":\"2025-09-10T20:55:28+02:00\",\"dateModified\":\"2026-06-24T15:53:53+02:00\",\"inLanguage\":\"it-IT\",\"mainEntityOfPage\":{\"@id\":\"https:\\\/\\\/www.ricetteinallegria.com\\\/home\\\/torta-salata-estiva\\\/#webpage\"},\"isPartOf\":{\"@id\":\"https:\\\/\\\/www.ricetteinallegria.com\\\/home\\\/torta-salata-estiva\\\/#webpage\"},\"articleSection\":\"Ricette sfiziose, Ricette vegetariane, Ricette al forno, Ricette veloci, Torte, Torte semplici, Piatti unici\"},{\"@type\":\"BreadcrumbList\",\"@id\":\"https:\\\/\\\/www.ricetteinallegria.com\\\/home\\\/torta-salata-estiva\\\/#breadcrumblist\",\"itemListElement\":[{\"@type\":\"ListItem\",\"@id\":\"https:\\\/\\\/www.ricetteinallegria.com\\\/home#listItem\",\"position\":1,\"name\":\"Home\",\"item\":\"https:\\\/\\\/www.ricetteinallegria.com\\\/home\",\"nextItem\":{\"@type\":\"ListItem\",\"@id\":\"https:\\\/\\\/www.ricetteinallegria.com\\\/home\\\/category\\\/dolci\\\/#listItem\",\"name\":\"Dolci\"}},{\"@type\":\"ListItem\",\"@id\":\"https:\\\/\\\/www.ricetteinallegria.com\\\/home\\\/category\\\/dolci\\\/#listItem\",\"position\":2,\"name\":\"Dolci\",\"item\":\"https:\\\/\\\/www.ricetteinallegria.com\\\/home\\\/category\\\/dolci\\\/\",\"nextItem\":{\"@type\":\"ListItem\",\"@id\":\"https:\\\/\\\/www.ricetteinallegria.com\\\/home\\\/category\\\/dolci\\\/torte\\\/#listItem\",\"name\":\"Torte\"},\"previousItem\":{\"@type\":\"ListItem\",\"@id\":\"https:\\\/\\\/www.ricetteinallegria.com\\\/home#listItem\",\"name\":\"Home\"}},{\"@type\":\"ListItem\",\"@id\":\"https:\\\/\\\/www.ricetteinallegria.com\\\/home\\\/category\\\/dolci\\\/torte\\\/#listItem\",\"position\":3,\"name\":\"Torte\",\"item\":\"https:\\\/\\\/www.ricetteinallegria.com\\\/home\\\/category\\\/dolci\\\/torte\\\/\",\"nextItem\":{\"@type\":\"ListItem\",\"@id\":\"https:\\\/\\\/www.ricetteinallegria.com\\\/home\\\/torta-salata-estiva\\\/#listItem\",\"name\":\"Torta salata estiva\"},\"previousItem\":{\"@type\":\"ListItem\",\"@id\":\"https:\\\/\\\/www.ricetteinallegria.com\\\/home\\\/category\\\/dolci\\\/#listItem\",\"name\":\"Dolci\"}},{\"@type\":\"ListItem\",\"@id\":\"https:\\\/\\\/www.ricetteinallegria.com\\\/home\\\/torta-salata-estiva\\\/#listItem\",\"position\":4,\"name\":\"Torta salata estiva\",\"previousItem\":{\"@type\":\"ListItem\",\"@id\":\"https:\\\/\\\/www.ricetteinallegria.com\\\/home\\\/category\\\/dolci\\\/torte\\\/#listItem\",\"name\":\"Torte\"}}]},{\"@type\":\"Organization\",\"@id\":\"https:\\\/\\\/www.ricetteinallegria.com\\\/home\\\/#organization\",\"name\":\"Ricetteinallegria\",\"description\":\"RicetteInAllegria \\u00e8 il sito web ideale per chi ama cucinare con il sorriso!\",\"url\":\"https:\\\/\\\/www.ricetteinallegria.com\\\/home\\\/\",\"sameAs\":[\"https:\\\/\\\/www.facebook.com\\\/profile.php?id=61566876281136\",\"https:\\\/\\\/x.com\\\/ricetteinallegr\"]},{\"@type\":\"Person\",\"@id\":\"https:\\\/\\\/www.ricetteinallegria.com\\\/home\\\/author\\\/daniela\\\/#author\",\"url\":\"https:\\\/\\\/www.ricetteinallegria.com\\\/home\\\/author\\\/daniela\\\/\",\"name\":\"Daniela\",\"image\":{\"@type\":\"ImageObject\",\"@id\":\"https:\\\/\\\/www.ricetteinallegria.com\\\/home\\\/torta-salata-estiva\\\/#authorImage\",\"url\":\"https:\\\/\\\/secure.gravatar.com\\\/avatar\\\/fbc79edf9b2f4a83b1c784c7f1de21580ee6ff6f2bafffd110c6c3daad1baa46?s=96&d=mm&r=g\",\"width\":96,\"height\":96,\"caption\":\"Daniela\"}},{\"@type\":\"WebPage\",\"@id\":\"https:\\\/\\\/www.ricetteinallegria.com\\\/home\\\/torta-salata-estiva\\\/#webpage\",\"url\":\"https:\\\/\\\/www.ricetteinallegria.com\\\/home\\\/torta-salata-estiva\\\/\",\"name\":\"Torta salata estiva\",\"description\":\"Torta salata estiva: ricetta veloce e colorata con pesto al basilico, pomodori e stracciatella. Facile, fresca e perfetta per buffet e pranzi estivi. Provala!!!\",\"inLanguage\":\"it-IT\",\"isPartOf\":{\"@id\":\"https:\\\/\\\/www.ricetteinallegria.com\\\/home\\\/#website\"},\"breadcrumb\":{\"@id\":\"https:\\\/\\\/www.ricetteinallegria.com\\\/home\\\/torta-salata-estiva\\\/#breadcrumblist\"},\"author\":{\"@id\":\"https:\\\/\\\/www.ricetteinallegria.com\\\/home\\\/author\\\/daniela\\\/#author\"},\"creator\":{\"@id\":\"https:\\\/\\\/www.ricetteinallegria.com\\\/home\\\/author\\\/daniela\\\/#author\"},\"image\":{\"@type\":\"ImageObject\",\"url\":\"https:\\\/\\\/www.ricetteinallegria.com\\\/wp-content\\\/uploads\\\/2025\\\/09\\\/a95f882a-dee8-4759-b842-940c153e68fe.jpeg\",\"@id\":\"https:\\\/\\\/www.ricetteinallegria.com\\\/home\\\/torta-salata-estiva\\\/#mainImage\",\"width\":1024,\"height\":1024,\"caption\":\"Torta salata estiva\"},\"primaryImageOfPage\":{\"@id\":\"https:\\\/\\\/www.ricetteinallegria.com\\\/home\\\/torta-salata-estiva\\\/#mainImage\"},\"datePublished\":\"2025-09-10T20:55:28+02:00\",\"dateModified\":\"2026-06-24T15:53:53+02:00\"},{\"@type\":\"WebSite\",\"@id\":\"https:\\\/\\\/www.ricetteinallegria.com\\\/home\\\/#website\",\"url\":\"https:\\\/\\\/www.ricetteinallegria.com\\\/home\\\/\",\"name\":\"Ricetteinallegria\",\"description\":\"RicetteInAllegria \\u00e8 il sito web ideale per chi ama cucinare con il sorriso!\",\"inLanguage\":\"it-IT\",\"publisher\":{\"@id\":\"https:\\\/\\\/www.ricetteinallegria.com\\\/home\\\/#organization\"}}]}\n\t\t<\/script>\n\t\t<!-- All in One SEO Pro -->\r\n\t\t<title>Torta salata estiva<\/title>\n\n","aioseo_head_json":{"title":"Torta salata estiva","description":"Torta salata estiva: ricetta veloce e colorata con pesto al basilico, pomodori e stracciatella. Facile, fresca e perfetta per buffet e pranzi estivi. Provala!!!","canonical_url":"https:\/\/www.ricetteinallegria.com\/home\/torta-salata-estiva\/","robots":"max-image-preview:large","keywords":"","webmasterTools":{"miscellaneous":""},"schema":{"@context":"https:\/\/schema.org","@graph":[{"@type":"BlogPosting","@id":"https:\/\/www.ricetteinallegria.com\/home\/torta-salata-estiva\/#blogposting","name":"Torta salata estiva","headline":"Torta salata estiva","author":{"@id":"https:\/\/www.ricetteinallegria.com\/home\/author\/daniela\/#author"},"publisher":{"@id":"https:\/\/www.ricetteinallegria.com\/home\/#organization"},"image":{"@type":"ImageObject","url":"https:\/\/www.ricetteinallegria.com\/wp-content\/uploads\/2025\/09\/a95f882a-dee8-4759-b842-940c153e68fe.jpeg","width":1024,"height":1024,"caption":"Torta salata estiva"},"datePublished":"2025-09-10T20:55:28+02:00","dateModified":"2026-06-24T15:53:53+02:00","inLanguage":"it-IT","mainEntityOfPage":{"@id":"https:\/\/www.ricetteinallegria.com\/home\/torta-salata-estiva\/#webpage"},"isPartOf":{"@id":"https:\/\/www.ricetteinallegria.com\/home\/torta-salata-estiva\/#webpage"},"articleSection":"Ricette sfiziose, Ricette vegetariane, Ricette al forno, Ricette veloci, Torte, Torte semplici, Piatti unici"},{"@type":"BreadcrumbList","@id":"https:\/\/www.ricetteinallegria.com\/home\/torta-salata-estiva\/#breadcrumblist","itemListElement":[{"@type":"ListItem","@id":"https:\/\/www.ricetteinallegria.com\/home#listItem","position":1,"name":"Home","item":"https:\/\/www.ricetteinallegria.com\/home","nextItem":{"@type":"ListItem","@id":"https:\/\/www.ricetteinallegria.com\/home\/category\/dolci\/#listItem","name":"Dolci"}},{"@type":"ListItem","@id":"https:\/\/www.ricetteinallegria.com\/home\/category\/dolci\/#listItem","position":2,"name":"Dolci","item":"https:\/\/www.ricetteinallegria.com\/home\/category\/dolci\/","nextItem":{"@type":"ListItem","@id":"https:\/\/www.ricetteinallegria.com\/home\/category\/dolci\/torte\/#listItem","name":"Torte"},"previousItem":{"@type":"ListItem","@id":"https:\/\/www.ricetteinallegria.com\/home#listItem","name":"Home"}},{"@type":"ListItem","@id":"https:\/\/www.ricetteinallegria.com\/home\/category\/dolci\/torte\/#listItem","position":3,"name":"Torte","item":"https:\/\/www.ricetteinallegria.com\/home\/category\/dolci\/torte\/","nextItem":{"@type":"ListItem","@id":"https:\/\/www.ricetteinallegria.com\/home\/torta-salata-estiva\/#listItem","name":"Torta salata estiva"},"previousItem":{"@type":"ListItem","@id":"https:\/\/www.ricetteinallegria.com\/home\/category\/dolci\/#listItem","name":"Dolci"}},{"@type":"ListItem","@id":"https:\/\/www.ricetteinallegria.com\/home\/torta-salata-estiva\/#listItem","position":4,"name":"Torta salata estiva","previousItem":{"@type":"ListItem","@id":"https:\/\/www.ricetteinallegria.com\/home\/category\/dolci\/torte\/#listItem","name":"Torte"}}]},{"@type":"Organization","@id":"https:\/\/www.ricetteinallegria.com\/home\/#organization","name":"Ricetteinallegria","description":"RicetteInAllegria \u00e8 il sito web ideale per chi ama cucinare con il sorriso!","url":"https:\/\/www.ricetteinallegria.com\/home\/","sameAs":["https:\/\/www.facebook.com\/profile.php?id=61566876281136","https:\/\/x.com\/ricetteinallegr"]},{"@type":"Person","@id":"https:\/\/www.ricetteinallegria.com\/home\/author\/daniela\/#author","url":"https:\/\/www.ricetteinallegria.com\/home\/author\/daniela\/","name":"Daniela","image":{"@type":"ImageObject","@id":"https:\/\/www.ricetteinallegria.com\/home\/torta-salata-estiva\/#authorImage","url":"https:\/\/secure.gravatar.com\/avatar\/fbc79edf9b2f4a83b1c784c7f1de21580ee6ff6f2bafffd110c6c3daad1baa46?s=96&d=mm&r=g","width":96,"height":96,"caption":"Daniela"}},{"@type":"WebPage","@id":"https:\/\/www.ricetteinallegria.com\/home\/torta-salata-estiva\/#webpage","url":"https:\/\/www.ricetteinallegria.com\/home\/torta-salata-estiva\/","name":"Torta salata estiva","description":"Torta salata estiva: ricetta veloce e colorata con pesto al basilico, pomodori e stracciatella. Facile, fresca e perfetta per buffet e pranzi estivi. Provala!!!","inLanguage":"it-IT","isPartOf":{"@id":"https:\/\/www.ricetteinallegria.com\/home\/#website"},"breadcrumb":{"@id":"https:\/\/www.ricetteinallegria.com\/home\/torta-salata-estiva\/#breadcrumblist"},"author":{"@id":"https:\/\/www.ricetteinallegria.com\/home\/author\/daniela\/#author"},"creator":{"@id":"https:\/\/www.ricetteinallegria.com\/home\/author\/daniela\/#author"},"image":{"@type":"ImageObject","url":"https:\/\/www.ricetteinallegria.com\/wp-content\/uploads\/2025\/09\/a95f882a-dee8-4759-b842-940c153e68fe.jpeg","@id":"https:\/\/www.ricetteinallegria.com\/home\/torta-salata-estiva\/#mainImage","width":1024,"height":1024,"caption":"Torta salata estiva"},"primaryImageOfPage":{"@id":"https:\/\/www.ricetteinallegria.com\/home\/torta-salata-estiva\/#mainImage"},"datePublished":"2025-09-10T20:55:28+02:00","dateModified":"2026-06-24T15:53:53+02:00"},{"@type":"WebSite","@id":"https:\/\/www.ricetteinallegria.com\/home\/#website","url":"https:\/\/www.ricetteinallegria.com\/home\/","name":"Ricetteinallegria","description":"RicetteInAllegria \u00e8 il sito web ideale per chi ama cucinare con il sorriso!","inLanguage":"it-IT","publisher":{"@id":"https:\/\/www.ricetteinallegria.com\/home\/#organization"}}]},"og:locale":"it_IT","og:site_name":"Ricetteinallegria - RicetteInAllegria \u00e8 il sito web ideale per chi ama cucinare con il sorriso!","og:type":"article","og:title":"Torta salata estiva","og:description":"Torta salata estiva: ricetta veloce e colorata con pesto al basilico, pomodori e stracciatella. Facile, fresca e perfetta per buffet e pranzi estivi. Provala!!!","og:url":"https:\/\/www.ricetteinallegria.com\/home\/torta-salata-estiva\/","article:published_time":"2025-09-10T18:55:28+00:00","article:modified_time":"2026-06-24T13:53:53+00:00","article:publisher":"https:\/\/www.facebook.com\/profile.php?id=61566876281136","twitter:card":"summary_large_image","twitter:site":"@ricetteinallegr","twitter:title":"Torta salata estiva","twitter:description":"Torta salata estiva: ricetta veloce e colorata con pesto al basilico, pomodori e stracciatella. Facile, fresca e perfetta per buffet e pranzi estivi. Provala!!!","twitter:creator":"@ricetteinallegr"},"aioseo_meta_data":{"post_id":"8039","title":"#post_title","description":"Torta salata estiva: ricetta veloce e colorata con pesto al basilico, pomodori e stracciatella. Facile, fresca e perfetta per buffet e pranzi estivi. Provala!!!","keywords":null,"keyphrases":{"focus":{"keyphrase":"Torta salata","score":82,"analysis":{"keyphraseInTitle":{"score":9,"maxScore":9,"error":0},"keyphraseInDescription":{"score":9,"maxScore":9,"error":0},"keyphraseLength":{"score":9,"maxScore":9,"error":0,"length":2},"keyphraseInURL":{"score":5,"maxScore":5,"error":0},"keyphraseInIntroduction":{"score":9,"maxScore":9,"error":0},"keyphraseInSubHeadings":{"score":3,"maxScore":9,"error":1},"keyphraseInImageAlt":{"score":3,"maxScore":9,"error":1},"keywordDensity":{"type":"best","score":9,"maxScore":9,"error":0}}},"additional":[]},"primary_term":null,"canonical_url":null,"og_title":null,"og_description":null,"og_object_type":"default","og_image_type":"default","og_image_url":null,"og_image_width":null,"og_image_height":null,"og_image_custom_url":null,"og_image_custom_fields":null,"og_video":"","og_custom_url":null,"og_article_section":null,"og_article_tags":null,"twitter_use_og":false,"twitter_card":"default","twitter_image_type":"default","twitter_image_url":null,"twitter_image_custom_url":null,"twitter_image_custom_fields":null,"twitter_title":null,"twitter_description":null,"schema":{"blockGraphs":[],"customGraphs":[],"default":{"data":{"Article":[],"Course":[],"Dataset":[],"FAQPage":[],"Movie":[],"Person":[],"Product":[],"ProductReview":[],"Car":[],"Recipe":[],"Service":[],"SoftwareApplication":[],"WebPage":[]},"graphName":"BlogPosting","isEnabled":true},"graphs":[]},"schema_type":"default","schema_type_options":null,"pillar_content":false,"robots_default":true,"robots_noindex":false,"robots_noarchive":false,"robots_nosnippet":false,"robots_nofollow":false,"robots_noimageindex":false,"robots_noodp":false,"robots_notranslate":false,"robots_max_snippet":"-1","robots_max_videopreview":"-1","robots_max_imagepreview":"large","priority":null,"frequency":"default","local_seo":null,"breadcrumb_settings":null,"limit_modified_date":false,"reviewed_by":"0","open_ai":null,"ai":{"faqs":[],"keyPoints":[],"schemas":[],"titles":[],"descriptions":[],"socialPosts":{"email":[],"linkedin":[],"twitter":[],"facebook":[],"instagram":[]}},"created":"2025-09-10 18:47:34","updated":"2026-06-24 13:58:25","seo_analyzer_scan_date":"2026-06-24 13:54:06","focus_keyword":"Torta salata","additional_keywords":null,"truseo_locale":null},"aioseo_breadcrumb":"<div class=\"aioseo-breadcrumbs\"><span class=\"aioseo-breadcrumb\">\n\t<a href=\"https:\/\/www.ricetteinallegria.com\/home\" title=\"Home\">Home<\/a>\n<\/span><span class=\"aioseo-breadcrumb-separator\">&raquo;<\/span><span class=\"aioseo-breadcrumb\">\n\t<a href=\"https:\/\/www.ricetteinallegria.com\/home\/category\/dolci\/\" title=\"Dolci\">Dolci<\/a>\n<\/span><span class=\"aioseo-breadcrumb-separator\">&raquo;<\/span><span class=\"aioseo-breadcrumb\">\n\t<a href=\"https:\/\/www.ricetteinallegria.com\/home\/category\/dolci\/torte\/\" title=\"Torte\">Torte<\/a>\n<\/span><span class=\"aioseo-breadcrumb-separator\">&raquo;<\/span><span class=\"aioseo-breadcrumb\">\n\tTorta salata estiva\n<\/span><\/div>","aioseo_breadcrumb_json":[{"label":"Home","link":"https:\/\/www.ricetteinallegria.com\/home"},{"label":"Dolci","link":"https:\/\/www.ricetteinallegria.com\/home\/category\/dolci\/"},{"label":"Torte","link":"https:\/\/www.ricetteinallegria.com\/home\/category\/dolci\/torte\/"},{"label":"Torta salata estiva","link":"https:\/\/www.ricetteinallegria.com\/home\/torta-salata-estiva\/"}],"_links":{"self":[{"href":"https:\/\/www.ricetteinallegria.com\/home\/wp-json\/wp\/v2\/posts\/8039","targetHints":{"allow":["GET"]}}],"collection":[{"href":"https:\/\/www.ricetteinallegria.com\/home\/wp-json\/wp\/v2\/posts"}],"about":[{"href":"https:\/\/www.ricetteinallegria.com\/home\/wp-json\/wp\/v2\/types\/post"}],"author":[{"embeddable":true,"href":"https:\/\/www.ricetteinallegria.com\/home\/wp-json\/wp\/v2\/users\/3"}],"replies":[{"embeddable":true,"href":"https:\/\/www.ricetteinallegria.com\/home\/wp-json\/wp\/v2\/comments?post=8039"}],"version-history":[{"count":3,"href":"https:\/\/www.ricetteinallegria.com\/home\/wp-json\/wp\/v2\/posts\/8039\/revisions"}],"predecessor-version":[{"id":12025,"href":"https:\/\/www.ricetteinallegria.com\/home\/wp-json\/wp\/v2\/posts\/8039\/revisions\/12025"}],"wp:featuredmedia":[{"embeddable":true,"href":"https:\/\/www.ricetteinallegria.com\/home\/wp-json\/wp\/v2\/media\/8040"}],"wp:attachment":[{"href":"https:\/\/www.ricetteinallegria.com\/home\/wp-json\/wp\/v2\/media?parent=8039"}],"wp:term":[{"taxonomy":"category","embeddable":true,"href":"https:\/\/www.ricetteinallegria.com\/home\/wp-json\/wp\/v2\/categories?post=8039"},{"taxonomy":"post_tag","embeddable":true,"href":"https:\/\/www.ricetteinallegria.com\/home\/wp-json\/wp\/v2\/tags?post=8039"}],"curies":[{"name":"wp","href":"https:\/\/api.w.org\/{rel}","templated":true}]}}